{"id":326,"date":"2022-08-01T11:13:48","date_gmt":"2022-08-01T11:13:48","guid":{"rendered":"https:\/\/www.szaregeny.pl\/?p=326"},"modified":"2022-08-01T11:13:49","modified_gmt":"2022-08-01T11:13:49","slug":"masz-pomarszczone-rece-mimo-ze-to-nie-czas-kapieli-to-lepiej-sie-zbadaj","status":"publish","type":"post","link":"https:\/\/www.szaregeny.pl\/?p=326","title":{"rendered":"Masz pomarszczone r\u0119ce mimo, \u017ce to nie czas k\u0105pieli to lepiej si\u0119 zbadaj"},"content":{"rendered":"\n<p class=\"wp-block-paragraph\">Masz pomarszczone r\u0119ce mimo, \u017ce to nie czas k\u0105pieli to lepiej si\u0119 zbadaj<br><br>Dobrze przeczytali\u015bcie. Nikogo bowiem nie dziwi fakt, \u017ce macie pomarszczone opuszki palc\u00f3w po k\u0105pieli ale czy nie zastanowi\u0142 Ci\u0119 fakt, \u017ce s\u0105 pomarszczone mimo, \u017ce k\u0105pieli nie bra\u0142e\u015b?<br>Ja takie zjawisko u siebie zauwa\u017cy\u0142am gdy drugi raz chorowa\u0142am na covid i wiedzia\u0142am, \u017ce to nie jest naturalne. U mnie przyczyna le\u017ca\u0142a we wn\u0119trzu bo za ka\u017cdym razem gdy na to choruj\u0119 to czuj\u0119 jakby kto\u015b wysysa\u0142 ze mnie wszystkie zapasy minera\u0142\u00f3w i witamin. Wtedy wszystko pracuje gorzej, \u0142upnia dostaje w\u0105troba, jelita szkoda s\u0142\u00f3w. Jednak cz\u0119sto zdarza si\u0119, \u017ce to powa\u017cny objaw- powa\u017cnej choroby.<br>Taka historia:<br>M\u0142oda 18 letnia dziewczyna zg\u0142osi\u0142a si\u0119 do lekarza, maj\u0105c problem z ci\u0105gle pomarszczonymi d\u0142o\u0144mi zar\u00f3wno od strony wewn\u0119trznej jak i zewn\u0119trznej ( czyt. Grzbietowej i d\u0142oniowej). Marszczenia by\u0142y nadmierne i cho\u0107 lekarze kiedy\u015b upierali si\u0119, \u017ce jest to problem obrz\u0119ku i po obrz\u0119kni\u0119ciu sk\u00f3ra nadmiernie si\u0119 marszczy to jednak po roku stwierdzili, \u017ce to jednak problem kurczenia si\u0119 naczy\u0144. Jednak u tej pozornie zdrowej dziewczyny problem istnia\u0142 od 2 lat.<br>Zrobiono badania- pobrano biopsj\u0119 ( wi\u0119cej mo\u017cecie przeczyta\u0107 w artykule) okaza\u0142o si\u0119, \u017ce mimo \u017ce nie by\u0142o \u017cadnych objaw\u00f3w wskazuj\u0105cych na ci\u0119\u017ck\u0105 chorob\u0119 to ta dziewczyna by\u0142a bezobjawow\u0105 nosicielk\u0105 mukowiscydozy a zdarza si\u0119, \u017ce ten objaw wyst\u0119puje u 10-25% bezobjawowych pacjent\u00f3w. Przy czym og\u00f3lnie u os\u00f3b z mukowiscydoz\u0105 wyst\u0119puje dosy\u0107 cz\u0119sto bo u 44-80% pacjent\u00f3w.<br>Zastanawiacie si\u0119 teraz czy to wszystko? Ot\u00f3\u017c, nie.<br>Objaw ten wyst\u0119puje bardzo cz\u0119sto u os\u00f3b z chorob\u0105 Raynauda i chocia\u017c cz\u0119sto mamy w niej problem z nadmiernym zimnem, sztywnieniem d\u0142oni to i objaw pomarszczonej sk\u00f3ry d\u0142oni cz\u0119sto wyst\u0119puje. Przy cukrzycy i innych chorobach jak uk\u0142adowe te\u017c mo\u017cna spotka\u0107 ten objaw oraz w\u00f3wczas gdy nie jeste\u015b chory tylko i a\u017c nie wypijasz odpowiedniej ilo\u015bci p\u0142yn\u00f3w a przede wszystkim wody. Pami\u0119tajcie jednak to tylko objaw. Jak zawsze nale\u017cy poszukiwa\u0107 przyczyn i je likwidowa\u0107.<br><br>\u017ar\u00f3d\u0142o:<br>1. &nbsp;<a href=\"https:\/\/doi.org\/10.1016%2Fj.jdcr.2019.09.022\" target=\"_blank\" rel=\"noreferrer noopener\">10.1016\/j.jdcr.2019.09.022<\/a><br><\/p>\n","protected":false},"excerpt":{"rendered":"<p>Masz pomarszczone r\u0119ce mimo, \u017ce to nie czas k\u0105pieli to lepiej si\u0119 zbadaj Dobrze przeczytali\u015bcie. Nikogo bowiem nie dziwi fakt, \u017ce macie pomarszczone opuszki palc\u00f3w po k\u0105pieli ale czy nie&#8230;<\/p>\n","protected":false},"author":1,"featured_media":327,"comment_status":"open","ping_status":"open","sticky":false,"template":"","format":"standard","meta":{"_jetpack_memberships_contains_paid_content":false,"footnotes":""},"categories":[1],"tags":[],"class_list":["post-326","post","type-post","status-publish","format-standard","has-post-thumbnail","hentry","category-uncategorized"],"jetpack_featured_media_url":"https:\/\/www.szaregeny.pl\/wp-content\/uploads\/2022\/08\/dlonie.jpg","jetpack_sharing_enabled":true,"_links":{"self":[{"href":"https:\/\/www.szaregeny.pl\/index.php?rest_route=\/wp\/v2\/posts\/326","targetHints":{"allow":["GET"]}}],"collection":[{"href":"https:\/\/www.szaregeny.pl\/index.php?rest_route=\/wp\/v2\/posts"}],"about":[{"href":"https:\/\/www.szaregeny.pl\/index.php?rest_route=\/wp\/v2\/types\/post"}],"author":[{"embeddable":true,"href":"https:\/\/www.szaregeny.pl\/index.php?rest_route=\/wp\/v2\/users\/1"}],"replies":[{"embeddable":true,"href":"https:\/\/www.szaregeny.pl\/index.php?rest_route=%2Fwp%2Fv2%2Fcomments&post=326"}],"version-history":[{"count":1,"href":"https:\/\/www.szaregeny.pl\/index.php?rest_route=\/wp\/v2\/posts\/326\/revisions"}],"predecessor-version":[{"id":328,"href":"https:\/\/www.szaregeny.pl\/index.php?rest_route=\/wp\/v2\/posts\/326\/revisions\/328"}],"wp:featuredmedia":[{"embeddable":true,"href":"https:\/\/www.szaregeny.pl\/index.php?rest_route=\/wp\/v2\/media\/327"}],"wp:attachment":[{"href":"https:\/\/www.szaregeny.pl\/index.php?rest_route=%2Fwp%2Fv2%2Fmedia&parent=326"}],"wp:term":[{"taxonomy":"category","embeddable":true,"href":"https:\/\/www.szaregeny.pl\/index.php?rest_route=%2Fwp%2Fv2%2Fcategories&post=326"},{"taxonomy":"post_tag","embeddable":true,"href":"https:\/\/www.szaregeny.pl\/index.php?rest_route=%2Fwp%2Fv2%2Ftags&post=326"}],"curies":[{"name":"wp","href":"https:\/\/api.w.org\/{rel}","templated":true}]}}